{"id":3348,"date":"2024-08-14T12:40:06","date_gmt":"2024-08-14T11:40:06","guid":{"rendered":"https:\/\/tdn.ne\/?p=3348"},"modified":"2024-08-14T12:40:06","modified_gmt":"2024-08-14T11:40:06","slug":"visite-du-directeur-general-de-tdn-sur-le-site-goudel","status":"publish","type":"post","link":"https:\/\/tdn.ne\/index.php\/2024\/08\/14\/visite-du-directeur-general-de-tdn-sur-le-site-goudel\/","title":{"rendered":"Visite du Directeur G\u00e9n\u00e9ral de TDN sur le site Goudel"},"content":{"rendered":"<p>Le Directeur G\u00e9n\u00e9ral de T\u00e9l\u00e9diffusion du Niger (TDN), Amadou Harouna YAYE et plusieurs de ses collaborateurs se sont transport\u00e9s ce mercredi 14 ao\u00fbt 2024 sur le site qui abritera bient\u00f4t le si\u00e8ge de TDN sis \u00e0 Goudel. Les travaux avancent normalement.<\/p>\n<p>Quelques images de la visite.<\/p>\n<p style=\"text-align: justify;\"><img loading=\"lazy\" decoding=\"async\" class=\"alignnone  wp-image-3351\" src=\"https:\/\/tdn.ne\/wp-content\/uploads\/2024\/08\/IMG-20240814-WA0032-300x225.jpg\" alt=\"\" width=\"305\" height=\"229\" srcset=\"https:\/\/tdn.ne\/wp-content\/uploads\/2024\/08\/IMG-20240814-WA0032-300x225.jpg 300w, https:\/\/tdn.ne\/wp-content\/uploads\/2024\/08\/IMG-20240814-WA0032-768x576.jpg 768w, https:\/\/tdn.ne\/wp-content\/uploads\/2024\/08\/IMG-20240814-WA0032.jpg 1000w\" sizes=\"auto, (max-width: 305px) 100vw, 305px\" \/> <img loading=\"lazy\" decoding=\"async\" class=\"alignnone  wp-image-3350\" src=\"https:\/\/tdn.ne\/wp-content\/uploads\/2024\/08\/IMG-20240814-WA0031-225x300.jpg\" alt=\"\" width=\"173\" height=\"230\" srcset=\"https:\/\/tdn.ne\/wp-content\/uploads\/2024\/08\/IMG-20240814-WA0031-225x300.jpg 225w, https:\/\/tdn.ne\/wp-content\/uploads\/2024\/08\/IMG-20240814-WA0031.jpg 750w\" sizes=\"auto, (max-width: 173px) 100vw, 173px\" \/> <img loading=\"lazy\" decoding=\"async\" class=\"alignnone size-medium wp-image-3349\" src=\"https:\/\/tdn.ne\/wp-content\/uploads\/2024\/08\/IMG-20240814-WA0030-300x225.jpg\" alt=\"\" width=\"300\" height=\"225\" srcset=\"https:\/\/tdn.ne\/wp-content\/uploads\/2024\/08\/IMG-20240814-WA0030-300x225.jpg 300w, https:\/\/tdn.ne\/wp-content\/uploads\/2024\/08\/IMG-20240814-WA0030-768x576.jpg 768w, https:\/\/tdn.ne\/wp-content\/uploads\/2024\/08\/IMG-20240814-WA0030.jpg 1000w\" sizes=\"auto, (max-width: 300px) 100vw, 300px\" \/><\/p>\n","protected":false},"excerpt":{"rendered":"<p>Le Directeur G\u00e9n\u00e9ral de T\u00e9l\u00e9diffusion du Niger (TDN), Amadou Harouna YAYE et plusieurs de ses collaborateurs se sont transport\u00e9s ce<\/p>\n","protected":false},"author":1,"featured_media":3349,"comment_status":"open","ping_status":"open","sticky":false,"template":"","format":"standard","meta":{"_monsterinsights_skip_tracking":false,"_monsterinsights_sitenote_active":false,"_monsterinsights_sitenote_note":"","_monsterinsights_sitenote_category":0,"ngg_post_thumbnail":0,"footnotes":""},"categories":[11],"tags":[],"class_list":["post-3348","post","type-post","status-publish","format-standard","has-post-thumbnail","hentry","category-actualites"],"aioseo_notices":[],"_links":{"self":[{"href":"https:\/\/tdn.ne\/index.php\/wp-json\/wp\/v2\/posts\/3348","targetHints":{"allow":["GET"]}}],"collection":[{"href":"https:\/\/tdn.ne\/index.php\/wp-json\/wp\/v2\/posts"}],"about":[{"href":"https:\/\/tdn.ne\/index.php\/wp-json\/wp\/v2\/types\/post"}],"author":[{"embeddable":true,"href":"https:\/\/tdn.ne\/index.php\/wp-json\/wp\/v2\/users\/1"}],"replies":[{"embeddable":true,"href":"https:\/\/tdn.ne\/index.php\/wp-json\/wp\/v2\/comments?post=3348"}],"version-history":[{"count":1,"href":"https:\/\/tdn.ne\/index.php\/wp-json\/wp\/v2\/posts\/3348\/revisions"}],"predecessor-version":[{"id":3352,"href":"https:\/\/tdn.ne\/index.php\/wp-json\/wp\/v2\/posts\/3348\/revisions\/3352"}],"wp:featuredmedia":[{"embeddable":true,"href":"https:\/\/tdn.ne\/index.php\/wp-json\/wp\/v2\/media\/3349"}],"wp:attachment":[{"href":"https:\/\/tdn.ne\/index.php\/wp-json\/wp\/v2\/media?parent=3348"}],"wp:term":[{"taxonomy":"category","embeddable":true,"href":"https:\/\/tdn.ne\/index.php\/wp-json\/wp\/v2\/categories?post=3348"},{"taxonomy":"post_tag","embeddable":true,"href":"https:\/\/tdn.ne\/index.php\/wp-json\/wp\/v2\/tags?post=3348"}],"curies":[{"name":"wp","href":"https:\/\/api.w.org\/{rel}","templated":true}]}}