{"id":3919,"date":"2026-03-18T21:12:07","date_gmt":"2026-03-18T20:12:07","guid":{"rendered":"https:\/\/tdn.ne\/?p=3919"},"modified":"2026-03-18T21:12:07","modified_gmt":"2026-03-18T20:12:07","slug":"message-de-voeux-du-dg-a-loccasion-de-la-fete-de-ramadan","status":"publish","type":"post","link":"https:\/\/tdn.ne\/index.php\/2026\/03\/18\/message-de-voeux-du-dg-a-loccasion-de-la-fete-de-ramadan\/","title":{"rendered":"Message de v\u0153ux du DG \u00e0 l\u2019occasion de la f\u00eate de ramadan"},"content":{"rendered":"<p>Mesdames, Messieurs, Chers coll\u00e8gues,<\/p>\n<p>Au terme de ce mois b\u00e9ni de Ramadan, marqu\u00e9 par la d\u00e9votion, la solidarit\u00e9 et la g\u00e9n\u00e9rosit\u00e9, je tiens \u00e0 vous adresser, ainsi qu&rsquo;\u00e0 vos familles, mes v\u0153ux de paix, sant\u00e9, prosp\u00e9rit\u00e9 et succ\u00e8s.<\/p>\n<p>C&rsquo;est \u00e9galement l&rsquo;occasion pour moi de vous remercier pour votre engagement constant, votre esprit d\u2019\u00e9quipe et votre professionnalisme qui font aujourd\u2019hui la fiert\u00e9 de TDN.<\/p>\n<p>Tr\u00e8s bonne f\u00eate \u00e0 toutes et \u00e0 tous !&nbsp;<strong>A\u00efd Moubarak !<\/strong>\u00ab\u00a0<\/p>\n<p><img loading=\"lazy\" decoding=\"async\" class=\"alignnone size-medium wp-image-3920\" src=\"https:\/\/tdn.ne\/wp-content\/uploads\/2026\/03\/Green-and-Gold-Islamic-Modern-Ramadan-Presentation-7-300x169.png\" alt=\"\" width=\"300\" height=\"169\" srcset=\"https:\/\/tdn.ne\/wp-content\/uploads\/2026\/03\/Green-and-Gold-Islamic-Modern-Ramadan-Presentation-7-300x169.png 300w, https:\/\/tdn.ne\/wp-content\/uploads\/2026\/03\/Green-and-Gold-Islamic-Modern-Ramadan-Presentation-7-1024x576.png 1024w, https:\/\/tdn.ne\/wp-content\/uploads\/2026\/03\/Green-and-Gold-Islamic-Modern-Ramadan-Presentation-7-768x432.png 768w, https:\/\/tdn.ne\/wp-content\/uploads\/2026\/03\/Green-and-Gold-Islamic-Modern-Ramadan-Presentation-7-1536x864.png 1536w, https:\/\/tdn.ne\/wp-content\/uploads\/2026\/03\/Green-and-Gold-Islamic-Modern-Ramadan-Presentation-7.png 1920w\" sizes=\"auto, (max-width: 300px) 100vw, 300px\" \/><\/p>\n","protected":false},"excerpt":{"rendered":"<p>Mesdames, Messieurs, Chers coll\u00e8gues, Au terme de ce mois b\u00e9ni de Ramadan, marqu\u00e9 par la d\u00e9votion, la solidarit\u00e9 et la<\/p>\n","protected":false},"author":1,"featured_media":3920,"comment_status":"closed","ping_status":"closed","sticky":false,"template":"","format":"standard","meta":{"_monsterinsights_skip_tracking":false,"_monsterinsights_sitenote_active":false,"_monsterinsights_sitenote_note":"","_monsterinsights_sitenote_category":0,"ngg_post_thumbnail":0,"footnotes":""},"categories":[11],"tags":[],"class_list":["post-3919","post","type-post","status-publish","format-standard","has-post-thumbnail","hentry","category-actualites"],"aioseo_notices":[],"_links":{"self":[{"href":"https:\/\/tdn.ne\/index.php\/wp-json\/wp\/v2\/posts\/3919","targetHints":{"allow":["GET"]}}],"collection":[{"href":"https:\/\/tdn.ne\/index.php\/wp-json\/wp\/v2\/posts"}],"about":[{"href":"https:\/\/tdn.ne\/index.php\/wp-json\/wp\/v2\/types\/post"}],"author":[{"embeddable":true,"href":"https:\/\/tdn.ne\/index.php\/wp-json\/wp\/v2\/users\/1"}],"replies":[{"embeddable":true,"href":"https:\/\/tdn.ne\/index.php\/wp-json\/wp\/v2\/comments?post=3919"}],"version-history":[{"count":1,"href":"https:\/\/tdn.ne\/index.php\/wp-json\/wp\/v2\/posts\/3919\/revisions"}],"predecessor-version":[{"id":3921,"href":"https:\/\/tdn.ne\/index.php\/wp-json\/wp\/v2\/posts\/3919\/revisions\/3921"}],"wp:featuredmedia":[{"embeddable":true,"href":"https:\/\/tdn.ne\/index.php\/wp-json\/wp\/v2\/media\/3920"}],"wp:attachment":[{"href":"https:\/\/tdn.ne\/index.php\/wp-json\/wp\/v2\/media?parent=3919"}],"wp:term":[{"taxonomy":"category","embeddable":true,"href":"https:\/\/tdn.ne\/index.php\/wp-json\/wp\/v2\/categories?post=3919"},{"taxonomy":"post_tag","embeddable":true,"href":"https:\/\/tdn.ne\/index.php\/wp-json\/wp\/v2\/tags?post=3919"}],"curies":[{"name":"wp","href":"https:\/\/api.w.org\/{rel}","templated":true}]}}